{"id":7163,"date":"2026-04-25T10:52:56","date_gmt":"2026-04-25T13:52:56","guid":{"rendered":"https:\/\/iscsconcordia-ers.infd.edu.ar\/sitio\/?p=7163"},"modified":"2026-04-25T10:52:58","modified_gmt":"2026-04-25T13:52:58","slug":"charla-debate-3","status":"publish","type":"post","link":"https:\/\/iscsconcordia-ers.infd.edu.ar\/sitio\/charla-debate-3\/","title":{"rendered":"Charla Debate"},"content":{"rendered":"\n<p>El profesorado Superior de Ciencias Sociales tiene el agrado de invitar a la comunidad educativa a la charla\u2013debate: Terrorismo de Estado en la regi\u00f3n de Salto Grande<br>A 50 a\u00f1os de la \u00faltima dictadura c\u00edvico-eclesi\u00e1stica-empresarial-militar, abrimos un espacio de memoria, reflexi\u00f3n cr\u00edtica y di\u00e1logo colectivo.<\/p>\n\n\n\n<p>Contaremos con la participaci\u00f3n de la invitada Josefina Minnata, quien aportar\u00e1 su mirada para pensar el pasado reciente en nuestra regi\u00f3n y sus huellas en el presente.<\/p>\n\n\n\n<p>La propuesta es encontrarnos, debatir y construir memoria desde una perspectiva situada, que recupere las voces y experiencias de nuestro territorio.<\/p>\n\n\n\n<p><img decoding=\"async\" loading=\"lazy\" height=\"16\" width=\"16\" src=\"https:\/\/static.xx.fbcdn.net\/images\/emoji.php\/v9\/t5f\/1\/16\/270a.png\" alt=\"&#x270a;\">\u00a0Porque la memoria no es s\u00f3lo recuerdo: es compromiso con el presente y el futuro.<\/p>\n\n\n\n<p>\u00a1Los esperamos!<\/p>\n\n\n\n<p><img decoding=\"async\" loading=\"lazy\" height=\"16\" width=\"16\" src=\"https:\/\/static.xx.fbcdn.net\/images\/emoji.php\/v9\/t2d\/1\/16\/1f4cd.png\" alt=\"&#x1f4cd;\">\u00a0Lugar: Profesorado Superior de Ciencias Sociales<br><img decoding=\"async\" loading=\"lazy\" height=\"16\" width=\"16\" src=\"https:\/\/static.xx.fbcdn.net\/images\/emoji.php\/v9\/tac\/1\/16\/1f4cc.png\" alt=\"&#x1f4cc;\">\u00a0Direcci\u00f3n: Yrigoyen 1352\u00a0<\/p>\n","protected":false},"excerpt":{"rendered":"<p>El profesorado Superior de Ciencias Sociales tiene el agrado de invitar a la comunidad educativa a la charla\u2013debate: Terrorismo de Estado en la regi\u00f3n de Salto GrandeA 50 a\u00f1os de la \u00faltima dictadura c\u00edvico-eclesi\u00e1stica-empresarial-militar, abrimos un espacio de memoria, reflexi\u00f3n cr\u00edtica y di\u00e1logo colectivo. Contaremos con la participaci\u00f3n de la invitada Josefina Minnata, quien aportar\u00e1 &#8230; <a title=\"Charla Debate\" class=\"read-more\" href=\"https:\/\/iscsconcordia-ers.infd.edu.ar\/sitio\/charla-debate-3\/\" aria-label=\"More on Charla Debate\">[+]<\/a><\/p>\n","protected":false},"author":37,"featured_media":7164,"comment_status":"closed","ping_status":"closed","sticky":false,"template":"","format":"standard","meta":[],"categories":[8,7,6],"tags":[],"acf":[],"_links":{"self":[{"href":"https:\/\/iscsconcordia-ers.infd.edu.ar\/sitio\/wp-json\/wp\/v2\/posts\/7163"}],"collection":[{"href":"https:\/\/iscsconcordia-ers.infd.edu.ar\/sitio\/wp-json\/wp\/v2\/posts"}],"about":[{"href":"https:\/\/iscsconcordia-ers.infd.edu.ar\/sitio\/wp-json\/wp\/v2\/types\/post"}],"author":[{"embeddable":true,"href":"https:\/\/iscsconcordia-ers.infd.edu.ar\/sitio\/wp-json\/wp\/v2\/users\/37"}],"replies":[{"embeddable":true,"href":"https:\/\/iscsconcordia-ers.infd.edu.ar\/sitio\/wp-json\/wp\/v2\/comments?post=7163"}],"version-history":[{"count":1,"href":"https:\/\/iscsconcordia-ers.infd.edu.ar\/sitio\/wp-json\/wp\/v2\/posts\/7163\/revisions"}],"predecessor-version":[{"id":7165,"href":"https:\/\/iscsconcordia-ers.infd.edu.ar\/sitio\/wp-json\/wp\/v2\/posts\/7163\/revisions\/7165"}],"wp:featuredmedia":[{"embeddable":true,"href":"https:\/\/iscsconcordia-ers.infd.edu.ar\/sitio\/wp-json\/wp\/v2\/media\/7164"}],"wp:attachment":[{"href":"https:\/\/iscsconcordia-ers.infd.edu.ar\/sitio\/wp-json\/wp\/v2\/media?parent=7163"}],"wp:term":[{"taxonomy":"category","embeddable":true,"href":"https:\/\/iscsconcordia-ers.infd.edu.ar\/sitio\/wp-json\/wp\/v2\/categories?post=7163"},{"taxonomy":"post_tag","embeddable":true,"href":"https:\/\/iscsconcordia-ers.infd.edu.ar\/sitio\/wp-json\/wp\/v2\/tags?post=7163"}],"curies":[{"name":"wp","href":"https:\/\/api.w.org\/{rel}","templated":true}]}}