{"id":6935,"date":"2026-03-04T19:12:58","date_gmt":"2026-03-04T22:12:58","guid":{"rendered":"https:\/\/iscsconcordia-ers.infd.edu.ar\/sitio\/?p=6935"},"modified":"2026-03-04T19:12:59","modified_gmt":"2026-03-04T22:12:59","slug":"inscripciones-confirmadas-y-abiertas","status":"publish","type":"post","link":"https:\/\/iscsconcordia-ers.infd.edu.ar\/sitio\/inscripciones-confirmadas-y-abiertas\/","title":{"rendered":"Inscripciones Confirmadas y Abiertas"},"content":{"rendered":"\n<p><strong>El Profesorado Superior de Ciencias Sociales informa que se encuentran abiertas las inscripciones para el ciclo lectivo 2026 en las carreras de Historia, Geograf\u00eda y Ciencia Pol\u00edtica.<br>Tras confirmarse la continuidad de nuestra oferta acad\u00e9mica, invitamos a todos los interesados a acercarse a nuestra sede para completar su registro administrativo con absoluta normalidad y seguridad.<\/strong><br><strong><br>&#x1f4cd; Profesorado de Historia<br>&#x1f4cd; Profesorado de Geograf\u00eda<br>&#x1f4cd; Profesorado de Ciencia Pol\u00edtica<br><\/strong><br><strong>\u00a1Es tu momento de apostar por tu futuro en una instituci\u00f3n de trayectoria!<br><\/strong><br><strong>&#x1f552; D\u00cdAS Y HORARIOS:<br>De lunes a viernes, de 19:00 a 21:30 h.<br><\/strong><br><strong>&#x1f4c2; DOCUMENTACI\u00d3N A PRESENTAR:<br>Fotocopia autenticada del t\u00edtulo secundario (o constancia de t\u00edtulo en tr\u00e1mite).<br>2 fotos 4\u00d74.<br>Fotocopia del DNI (ambos lados).<br>Fotocopia del CUIL (ANSES).<br>Fotocopia de la Partida de Nacimiento.<br>Formulario de Inscripci\u00f3n (<a href=\"https:\/\/drive.google.com\/file\/d\/12pJfhzD_3pBTUXXoA2gCVWsLBL6GimI4\/view\" target=\"_blank\" rel=\"noreferrer noopener\">descargalo <\/a>previamente)<\/strong><br><strong><br>\u00a1Te esperamos para formar parte de la Educaci\u00f3n P\u00fablica, Libre y Gratuita!\u00a0&#x2728;<\/strong><\/p>\n","protected":false},"excerpt":{"rendered":"<p>El Profesorado Superior de Ciencias Sociales informa que se encuentran abiertas las inscripciones para el ciclo lectivo 2026 en las carreras de Historia, Geograf\u00eda y Ciencia Pol\u00edtica.Tras confirmarse la continuidad de nuestra oferta acad\u00e9mica, invitamos a todos los interesados a acercarse a nuestra sede para completar su registro administrativo con absoluta normalidad y seguridad.&#x1f4cd; Profesorado &#8230; <a title=\"Inscripciones Confirmadas y Abiertas\" class=\"read-more\" href=\"https:\/\/iscsconcordia-ers.infd.edu.ar\/sitio\/inscripciones-confirmadas-y-abiertas\/\" aria-label=\"More on Inscripciones Confirmadas y Abiertas\">[+]<\/a><\/p>\n","protected":false},"author":37,"featured_media":6933,"comment_status":"closed","ping_status":"closed","sticky":false,"template":"","format":"standard","meta":[],"categories":[8,7,6],"tags":[],"acf":[],"_links":{"self":[{"href":"https:\/\/iscsconcordia-ers.infd.edu.ar\/sitio\/wp-json\/wp\/v2\/posts\/6935"}],"collection":[{"href":"https:\/\/iscsconcordia-ers.infd.edu.ar\/sitio\/wp-json\/wp\/v2\/posts"}],"about":[{"href":"https:\/\/iscsconcordia-ers.infd.edu.ar\/sitio\/wp-json\/wp\/v2\/types\/post"}],"author":[{"embeddable":true,"href":"https:\/\/iscsconcordia-ers.infd.edu.ar\/sitio\/wp-json\/wp\/v2\/users\/37"}],"replies":[{"embeddable":true,"href":"https:\/\/iscsconcordia-ers.infd.edu.ar\/sitio\/wp-json\/wp\/v2\/comments?post=6935"}],"version-history":[{"count":1,"href":"https:\/\/iscsconcordia-ers.infd.edu.ar\/sitio\/wp-json\/wp\/v2\/posts\/6935\/revisions"}],"predecessor-version":[{"id":6936,"href":"https:\/\/iscsconcordia-ers.infd.edu.ar\/sitio\/wp-json\/wp\/v2\/posts\/6935\/revisions\/6936"}],"wp:featuredmedia":[{"embeddable":true,"href":"https:\/\/iscsconcordia-ers.infd.edu.ar\/sitio\/wp-json\/wp\/v2\/media\/6933"}],"wp:attachment":[{"href":"https:\/\/iscsconcordia-ers.infd.edu.ar\/sitio\/wp-json\/wp\/v2\/media?parent=6935"}],"wp:term":[{"taxonomy":"category","embeddable":true,"href":"https:\/\/iscsconcordia-ers.infd.edu.ar\/sitio\/wp-json\/wp\/v2\/categories?post=6935"},{"taxonomy":"post_tag","embeddable":true,"href":"https:\/\/iscsconcordia-ers.infd.edu.ar\/sitio\/wp-json\/wp\/v2\/tags?post=6935"}],"curies":[{"name":"wp","href":"https:\/\/api.w.org\/{rel}","templated":true}]}}