{"id":2539,"date":"2022-07-26T20:30:11","date_gmt":"2022-07-26T23:30:11","guid":{"rendered":"https:\/\/iscsconcordia-ers.infd.edu.ar\/sitio\/?p=2539"},"modified":"2022-07-26T20:30:12","modified_gmt":"2022-07-26T23:30:12","slug":"homenaje-a-alfredo-elias-kohon","status":"publish","type":"post","link":"https:\/\/iscsconcordia-ers.infd.edu.ar\/sitio\/homenaje-a-alfredo-elias-kohon\/","title":{"rendered":"Homenaje a Alfredo El\u00edas Kohon"},"content":{"rendered":"\n<p>Te invitamos, el pr\u00f3ximo viernes 29 a las 17:30 h en la Escuela T\u00e9cnica N\u00ba 1 \u00abBrig. Gral. Pascual Echag\u00fce\u00bb, al homenaje a Alfredo El\u00edas Kohon en cuya memoria nuestra biblioteca del \u00abProfesorado Superior de Ciencias Sociales\u00bb lleva su nombre.<\/p>\n\n\n\n<p><\/p>\n\n\n\n<p>\u00abBaldosas por la memoria\u00bb Construidas desde el colectivo de Barrios x Memoria y Justicia, constituyen un homenaje a los detenidos-desaparecidos y\/o asesinados por el Terrorismo de Estado, antes y durante la \u00faltima dictadura c\u00edvico militar Argentina. A trav\u00e9s de ellas se deja una marca, una huella de su paso al se\u00f1alizar en la v\u00eda p\u00fablica los lugares donde vivieron, estudiaron, trabajaron, militaron o donde fueron secuestrados o asesinados.<\/p>\n\n\n\n<p>Las baldosas vuelven a darle entidad y presencia a los nombres que en ellas se inscriben, materializan su memoria, nos permiten reconstruir las historias de vida y militancia, reivindicar el compromiso pol\u00edtico y la lucha de nuestros militantes populares. Trazan un puente entre las distintas generaciones, entre el pasado y el presente, evitando el olvido y fortaleciendo las pol\u00edticas de Memoria, Verdad y Justicia.<\/p>\n","protected":false},"excerpt":{"rendered":"<p>Te invitamos, el pr\u00f3ximo viernes 29 a las 17:30 h en la Escuela T\u00e9cnica N\u00ba 1 \u00abBrig. Gral. Pascual Echag\u00fce\u00bb, al homenaje a Alfredo El\u00edas Kohon en cuya memoria nuestra biblioteca del \u00abProfesorado Superior de Ciencias Sociales\u00bb lleva su nombre. \u00abBaldosas por la memoria\u00bb Construidas desde el colectivo de Barrios x Memoria y Justicia, constituyen &#8230; <a title=\"Homenaje a Alfredo El\u00edas Kohon\" class=\"read-more\" href=\"https:\/\/iscsconcordia-ers.infd.edu.ar\/sitio\/homenaje-a-alfredo-elias-kohon\/\" aria-label=\"More on Homenaje a Alfredo El\u00edas Kohon\">[+]<\/a><\/p>\n","protected":false},"author":37,"featured_media":2540,"comment_status":"closed","ping_status":"closed","sticky":false,"template":"","format":"standard","meta":[],"categories":[8,7,6],"tags":[],"acf":[],"_links":{"self":[{"href":"https:\/\/iscsconcordia-ers.infd.edu.ar\/sitio\/wp-json\/wp\/v2\/posts\/2539"}],"collection":[{"href":"https:\/\/iscsconcordia-ers.infd.edu.ar\/sitio\/wp-json\/wp\/v2\/posts"}],"about":[{"href":"https:\/\/iscsconcordia-ers.infd.edu.ar\/sitio\/wp-json\/wp\/v2\/types\/post"}],"author":[{"embeddable":true,"href":"https:\/\/iscsconcordia-ers.infd.edu.ar\/sitio\/wp-json\/wp\/v2\/users\/37"}],"replies":[{"embeddable":true,"href":"https:\/\/iscsconcordia-ers.infd.edu.ar\/sitio\/wp-json\/wp\/v2\/comments?post=2539"}],"version-history":[{"count":1,"href":"https:\/\/iscsconcordia-ers.infd.edu.ar\/sitio\/wp-json\/wp\/v2\/posts\/2539\/revisions"}],"predecessor-version":[{"id":2541,"href":"https:\/\/iscsconcordia-ers.infd.edu.ar\/sitio\/wp-json\/wp\/v2\/posts\/2539\/revisions\/2541"}],"wp:featuredmedia":[{"embeddable":true,"href":"https:\/\/iscsconcordia-ers.infd.edu.ar\/sitio\/wp-json\/wp\/v2\/media\/2540"}],"wp:attachment":[{"href":"https:\/\/iscsconcordia-ers.infd.edu.ar\/sitio\/wp-json\/wp\/v2\/media?parent=2539"}],"wp:term":[{"taxonomy":"category","embeddable":true,"href":"https:\/\/iscsconcordia-ers.infd.edu.ar\/sitio\/wp-json\/wp\/v2\/categories?post=2539"},{"taxonomy":"post_tag","embeddable":true,"href":"https:\/\/iscsconcordia-ers.infd.edu.ar\/sitio\/wp-json\/wp\/v2\/tags?post=2539"}],"curies":[{"name":"wp","href":"https:\/\/api.w.org\/{rel}","templated":true}]}}