{"id":1536,"date":"2021-06-29T16:52:40","date_gmt":"2021-06-29T19:52:40","guid":{"rendered":"https:\/\/iscsconcordia-ers.infd.edu.ar\/sitio\/?p=1536"},"modified":"2021-06-29T16:54:47","modified_gmt":"2021-06-29T19:54:47","slug":"eleccion-para-la-coordinacion-de-la-practica-docente-2021","status":"publish","type":"post","link":"https:\/\/iscsconcordia-ers.infd.edu.ar\/sitio\/eleccion-para-la-coordinacion-de-la-practica-docente-2021\/","title":{"rendered":"Elecci\u00f3n para la coordinaci\u00f3n de la Pr\u00e1ctica Docente 2021"},"content":{"rendered":"<p>&nbsp;<\/p>\n<p>Desde la Secretar\u00eda Acad\u00e9mica y la Rector\u00eda del Profesorado Superior de Ciencias Sociales se convoca, a todos los profesores que se desempe\u00f1an en el campo de la pr\u00e1ctica docente en la instituci\u00f3n, para el mi\u00e9rcoles 29 de Junio de 2021, a las 19.10 hs a fin realizar la reuni\u00f3n donde se proceder\u00e1 a la elecci\u00f3n de Coordinador del Campo de la Pr\u00e1ctica.<\/p>\n<p>La elecci\u00f3n estar\u00e1 coordinada por la Secretar\u00eda Acad\u00e9mica: Prof. Esp. PALAVICINI, Patricia L. y los miembros del Consejo Directivo.<\/p>\n","protected":false},"excerpt":{"rendered":"<p>&nbsp; Desde la Secretar\u00eda Acad\u00e9mica y la Rector\u00eda del Profesorado Superior de Ciencias Sociales se convoca, a todos los profesores que se desempe\u00f1an en el campo de la pr\u00e1ctica docente en la instituci\u00f3n, para el mi\u00e9rcoles 29 de Junio de 2021, a las 19.10 hs a fin realizar la reuni\u00f3n donde se proceder\u00e1 a la &#8230; <a title=\"Elecci\u00f3n para la coordinaci\u00f3n de la Pr\u00e1ctica Docente 2021\" class=\"read-more\" href=\"https:\/\/iscsconcordia-ers.infd.edu.ar\/sitio\/eleccion-para-la-coordinacion-de-la-practica-docente-2021\/\" aria-label=\"More on Elecci\u00f3n para la coordinaci\u00f3n de la Pr\u00e1ctica Docente 2021\">[+]<\/a><\/p>\n","protected":false},"author":37,"featured_media":0,"comment_status":"open","ping_status":"open","sticky":false,"template":"","format":"standard","meta":[],"categories":[6],"tags":[],"acf":[],"_links":{"self":[{"href":"https:\/\/iscsconcordia-ers.infd.edu.ar\/sitio\/wp-json\/wp\/v2\/posts\/1536"}],"collection":[{"href":"https:\/\/iscsconcordia-ers.infd.edu.ar\/sitio\/wp-json\/wp\/v2\/posts"}],"about":[{"href":"https:\/\/iscsconcordia-ers.infd.edu.ar\/sitio\/wp-json\/wp\/v2\/types\/post"}],"author":[{"embeddable":true,"href":"https:\/\/iscsconcordia-ers.infd.edu.ar\/sitio\/wp-json\/wp\/v2\/users\/37"}],"replies":[{"embeddable":true,"href":"https:\/\/iscsconcordia-ers.infd.edu.ar\/sitio\/wp-json\/wp\/v2\/comments?post=1536"}],"version-history":[{"count":1,"href":"https:\/\/iscsconcordia-ers.infd.edu.ar\/sitio\/wp-json\/wp\/v2\/posts\/1536\/revisions"}],"predecessor-version":[{"id":1537,"href":"https:\/\/iscsconcordia-ers.infd.edu.ar\/sitio\/wp-json\/wp\/v2\/posts\/1536\/revisions\/1537"}],"wp:attachment":[{"href":"https:\/\/iscsconcordia-ers.infd.edu.ar\/sitio\/wp-json\/wp\/v2\/media?parent=1536"}],"wp:term":[{"taxonomy":"category","embeddable":true,"href":"https:\/\/iscsconcordia-ers.infd.edu.ar\/sitio\/wp-json\/wp\/v2\/categories?post=1536"},{"taxonomy":"post_tag","embeddable":true,"href":"https:\/\/iscsconcordia-ers.infd.edu.ar\/sitio\/wp-json\/wp\/v2\/tags?post=1536"}],"curies":[{"name":"wp","href":"https:\/\/api.w.org\/{rel}","templated":true}]}}