{"id":1524,"date":"2021-03-10T23:21:04","date_gmt":"2021-03-11T02:21:04","guid":{"rendered":"https:\/\/iscsconcordia-ers.infd.edu.ar\/sitio\/?p=1524"},"modified":"2021-03-10T23:28:58","modified_gmt":"2021-03-11T02:28:58","slug":"convocatoria-a-ayudantias-de-catedra-2021","status":"publish","type":"post","link":"https:\/\/iscsconcordia-ers.infd.edu.ar\/sitio\/convocatoria-a-ayudantias-de-catedra-2021\/","title":{"rendered":"Convocatoria a ayudant\u00edas de c\u00e1tedra 2021"},"content":{"rendered":"<p><b>El Consejo Directivo del Profesorado de Ciencias Sociales convoca a Egresados y Estudiantes avanzados, para desempe\u00f1arse como Ayudantes de C\u00e1tedra (Res. 1888\/07) del CGE.<\/b><\/p>\n<p><span style=\"font-weight: 400;\">Los interesados deber\u00e1n presentar Proyecto de Ayudant\u00eda, Curriculum y\u00a0 t\u00edtulo o\u00a0 certificado anal\u00edtico escaneado\u00a0 en formato pdf . Desde el 12\/03 al 26\/03 (inclusive)\u00a0<\/span><\/p>\n<p><span style=\"font-weight: 400;\">Enviar por correo electr\u00f3nico a <\/span><b>academicasociales1@gmail.com<\/b><\/p>\n<p><span style=\"font-weight: 400;\">Por consultas dirigirse al mismo correo de\u00a0 Secretar\u00eda Acad\u00e9mica.<\/span><\/p>\n<p><span style=\"font-weight: 400;\">Se adjunta resoluci\u00f3n 1888\/07 :<\/span><\/p>\n<p><a href=\"https:\/\/iesparana-ers.infd.edu.ar\/sitio\/wp-content\/uploads\/2019\/11\/Resolucion_188807_Ayudante_de_Catedra.pdf\"><span style=\"font-weight: 400;\">https:\/\/iesparana-ers.infd.edu.ar\/sitio\/wp-content\/uploads\/2019\/11\/Resolucion_188807_Ayudante_de_Catedra.pdf<\/span><\/a><\/p>\n<h3><span style=\"color: #008000;\"><b>Listado de ayudant\u00edas solicitadas:<\/b><\/span><\/h3>\n<h2><b>Profesorado para la Ense\u00f1anza Secundaria en Historia<\/b><\/h2>\n<table>\n<tbody>\n<tr>\n<td><span style=\"font-weight: 400;\">Espacio curricular<\/span><\/td>\n<td><span style=\"font-weight: 400;\">Curso y\/o comisi\u00f3n<\/span><\/td>\n<td><span style=\"font-weight: 400;\">Formato<\/span><\/td>\n<td><span style=\"font-weight: 400;\">Docente<\/span><\/td>\n<td><span style=\"font-weight: 400;\">Cantidad de ayudantes<\/span><\/td>\n<\/tr>\n<tr>\n<td><span style=\"font-weight: 400;\">Procesos sociales, pol\u00edticos y culturales de la Antig\u00fcedad<\/span><\/td>\n<td><span style=\"font-weight: 400;\">Primero segunda<\/span><\/td>\n<td><span style=\"font-weight: 400;\">Asignatura<\/span><\/td>\n<td><span style=\"font-weight: 400;\">Borche, Javier P.<\/span><\/td>\n<td><span style=\"font-weight: 400;\">UNO (1)<\/span><\/td>\n<\/tr>\n<tr>\n<td><span style=\"font-weight: 400;\">Problem\u00e1ticas de los conocimientos hist\u00f3ricos<\/span><\/td>\n<td><span style=\"font-weight: 400;\">Primero segunda<\/span><\/td>\n<td><span style=\"font-weight: 400;\">Asignatura<\/span><\/td>\n<td><span style=\"font-weight: 400;\">Borche<\/span><\/p>\n<p><span style=\"font-weight: 400;\">Javier P<\/span><\/td>\n<td><span style=\"font-weight: 400;\">UNO (1)<\/span><\/td>\n<\/tr>\n<tr>\n<td><span style=\"font-weight: 400;\">Historia de la Educaci\u00f3n Argentina<\/span><\/td>\n<td><span style=\"font-weight: 400;\">Tercero primera<\/span><\/td>\n<td><span style=\"font-weight: 400;\">Asignatura<\/span><\/td>\n<td><span style=\"font-weight: 400;\">Borche, Javier P.<\/span><\/td>\n<td><span style=\"font-weight: 400;\">UNO (1)<\/span><\/td>\n<\/tr>\n<tr>\n<td><span style=\"font-weight: 400;\">Historia de la Educaci\u00f3n Argentina<\/span><\/td>\n<td><span style=\"font-weight: 400;\">Tercero segunda<\/span><\/td>\n<td><span style=\"font-weight: 400;\">Asignatura<\/span><\/td>\n<td><span style=\"font-weight: 400;\">Borche, Javier P.<\/span><\/td>\n<td><span style=\"font-weight: 400;\">UNO (1)<\/span><\/td>\n<\/tr>\n<tr>\n<td><span style=\"font-weight: 400;\">Historia de las Ideas II<\/span><\/td>\n<td><span style=\"font-weight: 400;\">Segundo segunda<\/span><\/td>\n<td><span style=\"font-weight: 400;\">Seminario<\/span><\/td>\n<td><span style=\"font-weight: 400;\">Borche, Javier P.<\/span><\/td>\n<td><span style=\"font-weight: 400;\">UNO (1)<\/span><\/td>\n<\/tr>\n<tr>\n<td><span style=\"font-weight: 400;\">Epistemolog\u00eda de la Historia<\/span><\/td>\n<td><span style=\"font-weight: 400;\">Tercero primera<\/span><\/td>\n<td><span style=\"font-weight: 400;\">Seminario<\/span><\/td>\n<td><span style=\"font-weight: 400;\">Borche, Javier P.<\/span><\/td>\n<td><span style=\"font-weight: 400;\">UNO (1)<\/span><\/td>\n<\/tr>\n<tr>\n<td><span style=\"font-weight: 400;\">Epistemolog\u00eda de la Historia<\/span><\/td>\n<td><span style=\"font-weight: 400;\">Tercero segunda<\/span><\/td>\n<td><span style=\"font-weight: 400;\">Seminario<\/span><\/td>\n<td><span style=\"font-weight: 400;\">Borche, Javier P.<\/span><\/td>\n<td><span style=\"font-weight: 400;\">UNO (1)<\/span><\/td>\n<\/tr>\n<tr>\n<td><span style=\"font-weight: 400;\">Problem\u00e1ticas, hist\u00f3ricas, regionales y locales<\/span><\/td>\n<td><span style=\"font-weight: 400;\">Cuarto segunda<\/span><\/td>\n<td><span style=\"font-weight: 400;\">Taller<\/span><\/td>\n<td><span style=\"font-weight: 400;\">Borche, Javier P.<\/span><\/td>\n<td><span style=\"font-weight: 400;\">UNO (1)<\/span><\/td>\n<\/tr>\n<tr>\n<td><span style=\"font-weight: 400;\">UDI (Tecnolog\u00edas de la educaci\u00f3n para el curr\u00edculum\u00a0 de la Historia)<\/span><\/td>\n<td><span style=\"font-weight: 400;\">Cuarto primera<\/span><\/td>\n<td><span style=\"font-weight: 400;\">Taller<\/span><\/td>\n<td><span style=\"font-weight: 400;\">Borche, Javier P.<\/span><\/td>\n<td><span style=\"font-weight: 400;\">UNO (1)<\/span><\/td>\n<\/tr>\n<tr>\n<td><span style=\"font-weight: 400;\">Procesos sociales, pol\u00edticos, econ\u00f3m. y culturales Americanos I<\/span><\/td>\n<td><span style=\"font-weight: 400;\">segundo primera<\/span><\/td>\n<td><span style=\"font-weight: 400;\">Asignatura<\/span><\/td>\n<td><span style=\"font-weight: 400;\">Flavia Frigo<\/span><\/td>\n<td><span style=\"font-weight: 400;\">Uno<\/span><\/td>\n<\/tr>\n<tr>\n<td><span style=\"font-weight: 400;\">Procesos sociales, pol\u00edticos, econ\u00f3m. y culturales Americanos I<\/span><\/td>\n<td><span style=\"font-weight: 400;\">segundo segunda<\/span><\/td>\n<td><span style=\"font-weight: 400;\">Asignatura<\/span><\/td>\n<td><span style=\"font-weight: 400;\">Flavia Frigo<\/span><\/td>\n<td><span style=\"font-weight: 400;\">Uno<\/span><\/td>\n<\/tr>\n<tr>\n<td><span style=\"font-weight: 400;\">Procesos sociales, pol\u00edticos, econ\u00f3m. y culturales Contempor\u00e1neos\u00a0 I<\/span><\/td>\n<td><span style=\"font-weight: 400;\">Tercero primera<\/span><\/td>\n<td><span style=\"font-weight: 400;\">Asignatura<\/span><\/td>\n<td><span style=\"font-weight: 400;\">Flavia Frigo<\/span><\/td>\n<td><span style=\"font-weight: 400;\">Uno<\/span><\/td>\n<\/tr>\n<tr>\n<td><span style=\"font-weight: 400;\">Procesos sociales, pol\u00edticos, econ\u00f3m. y culturales Contempor\u00e1neos\u00a0 I<\/span><\/td>\n<td><span style=\"font-weight: 400;\">Tercero segunda<\/span><\/td>\n<td><span style=\"font-weight: 400;\">Asignatura<\/span><\/td>\n<td><span style=\"font-weight: 400;\">Flavia Frigo<\/span><\/td>\n<td><span style=\"font-weight: 400;\">Uno<\/span><\/td>\n<\/tr>\n<tr>\n<td><span style=\"font-weight: 400;\">Procesos Sociales, pol\u00edticos, econ\u00f3m. y culturales del Feudalismo y la Modernidad<\/span><\/td>\n<td><span style=\"font-weight: 400;\">segundo primera<\/span><\/td>\n<td><span style=\"font-weight: 400;\">Asignatura<\/span><\/td>\n<td><span style=\"font-weight: 400;\">Flavia Frigo<\/span><\/td>\n<td><span style=\"font-weight: 400;\">Uno<\/span><\/td>\n<\/tr>\n<tr>\n<td><span style=\"font-weight: 400;\">Procesos Sociales, pol\u00edticos, econ\u00f3m. y culturales del Feudalismo y la Modernidad<\/span><\/td>\n<td><span style=\"font-weight: 400;\">segundo segunda<\/span><\/td>\n<td><span style=\"font-weight: 400;\">Asignatura<\/span><\/td>\n<td><span style=\"font-weight: 400;\">Flavia Frigo<\/span><\/td>\n<td><span style=\"font-weight: 400;\">Uno<\/span><\/td>\n<\/tr>\n<tr>\n<td><span style=\"font-weight: 400;\">Historia de las Ideas<\/span><\/td>\n<td><span style=\"font-weight: 400;\">Primero Primera<\/span><\/td>\n<td><span style=\"font-weight: 400;\">Seminario<\/span><\/td>\n<td><span style=\"font-weight: 400;\">Velazque Pens Marcelo<\/span><\/td>\n<td><span style=\"font-weight: 400;\">UNO (1)<\/span><\/td>\n<\/tr>\n<tr>\n<td><span style=\"font-weight: 400;\">Historia de las Ideas<\/span><\/td>\n<td><span style=\"font-weight: 400;\">Primero Segunda<\/span><\/td>\n<td><span style=\"font-weight: 400;\">Seminario<\/span><\/td>\n<td><span style=\"font-weight: 400;\">Velazque Pens Marcelo<\/span><\/td>\n<td><span style=\"font-weight: 400;\">UNO (1)<\/span><\/td>\n<\/tr>\n<tr>\n<td><span style=\"font-weight: 400;\">Did\u00e1ctica de la Historia<\/span><\/td>\n<td><span style=\"font-weight: 400;\">Tercero Segunda<\/span><\/td>\n<td><span style=\"font-weight: 400;\">Seminario<\/span><\/td>\n<td><span style=\"font-weight: 400;\">Velazque Pens Marcelo<\/span><\/td>\n<td><span style=\"font-weight: 400;\">UNO (1)<\/span><\/td>\n<\/tr>\n<tr>\n<td><span style=\"font-weight: 400;\">Derechos Humanos, \u00c9tica y Ciudan\u00eda<\/span><\/td>\n<td><span style=\"font-weight: 400;\">Cuarto Primera\u00a0<\/span><\/td>\n<td><span style=\"font-weight: 400;\">Asig<\/span><\/td>\n<td><span style=\"font-weight: 400;\">Carmar\u00e1n<\/span><\/p>\n<p><span style=\"font-weight: 400;\">Rosana<\/span><\/td>\n<td><span style=\"font-weight: 400;\">UNO (1)<\/span><\/td>\n<\/tr>\n<tr>\n<td><span style=\"font-weight: 400;\">Derechos Humanos, \u00c9tica y Ciudan\u00eda<\/span><\/td>\n<td><span style=\"font-weight: 400;\">Cuarto Segunda<\/span><\/td>\n<td><span style=\"font-weight: 400;\">Asig<\/span><\/td>\n<td><span style=\"font-weight: 400;\">Carmar\u00e1n<\/span><\/p>\n<p><span style=\"font-weight: 400;\">Rosana<\/span><\/td>\n<td><span style=\"font-weight: 400;\">UNO (1)<\/span><\/td>\n<\/tr>\n<tr>\n<td><span style=\"font-weight: 400;\">Problem\u00e1ticas de los conocimientos hist\u00f3ricos<\/span><\/td>\n<td><span style=\"font-weight: 400;\">Primero primera<\/span><\/td>\n<td><span style=\"font-weight: 400;\">Asig<\/span><\/td>\n<td><span style=\"font-weight: 400;\">Carmar\u00e1n<\/span><\/p>\n<p><span style=\"font-weight: 400;\">Rosana<\/span><\/td>\n<td><span style=\"font-weight: 400;\">UNO (1)<\/span><\/td>\n<\/tr>\n<tr>\n<td><span style=\"font-weight: 400;\">Pr\u00e1ctica Docente III<\/span><\/td>\n<td><span style=\"font-weight: 400;\">Tercero segunda\u00a0<\/span><\/td>\n<td><span style=\"font-weight: 400;\">Taller<\/span><\/td>\n<td><span style=\"font-weight: 400;\">Borche, Javier<\/span><\/p>\n<p><span style=\"font-weight: 400;\">Vilche, Cintia<\/span><\/td>\n<td><span style=\"font-weight: 400;\">Uno(1)<\/span><\/td>\n<\/tr>\n<tr>\n<td><span style=\"font-weight: 400;\">Pr\u00e1ctica Docente III<\/span><\/td>\n<td><span style=\"font-weight: 400;\">Tercero Primera\u00a0<\/span><\/td>\n<td><span style=\"font-weight: 400;\">Taller<\/span><\/td>\n<td><span style=\"font-weight: 400;\">Coduri, Emilia<\/span><\/p>\n<p><span style=\"font-weight: 400;\">Vilche, Cintia<\/span><\/td>\n<td><span style=\"font-weight: 400;\">Uno (1)<\/span><\/td>\n<\/tr>\n<\/tbody>\n<\/table>\n<h2><b>Profesorado para la Ense\u00f1anza Secundaria en Geograf\u00eda<\/b><\/h2>\n<table>\n<tbody>\n<tr>\n<td><span style=\"font-weight: 400;\">Espacio curricular<\/span><\/td>\n<td><span style=\"font-weight: 400;\">Curso y\/o comisi\u00f3n<\/span><\/td>\n<td><span style=\"font-weight: 400;\">Formato<\/span><\/td>\n<td><span style=\"font-weight: 400;\">Docente<\/span><\/td>\n<td><span style=\"font-weight: 400;\">Cantidad de ayudantes<\/span><\/td>\n<\/tr>\n<tr>\n<td><span style=\"font-weight: 400;\">Epistemolog\u00eda de la geograf\u00eda<\/span><\/td>\n<td><span style=\"font-weight: 400;\">Tercero<\/span><\/td>\n<td><span style=\"font-weight: 400;\">Asignatura<\/span><\/td>\n<td><span style=\"font-weight: 400;\">Pontnau Germ\u00e1n<\/span><\/td>\n<td><span style=\"font-weight: 400;\">UNO (1)<\/span><\/td>\n<\/tr>\n<tr>\n<td><span style=\"font-weight: 400;\"> Pr\u00e1ctica Docente III<\/span><\/td>\n<td><span style=\"font-weight: 400;\">Tercero<\/span><\/td>\n<td><span style=\"font-weight: 400;\">Taller<\/span><\/td>\n<td><span style=\"font-weight: 400;\">Otamendi, Yamila<\/span><\/p>\n<p><span style=\"font-weight: 400;\">Roda, Laura<\/span><\/td>\n<td><span style=\"font-weight: 400;\">UNO (1)<\/span><\/td>\n<\/tr>\n<tr>\n<td><span style=\"font-weight: 400;\"> Pr\u00e1ctica Docente IV<\/span><\/td>\n<td><span style=\"font-weight: 400;\">Cuarto<\/span><\/td>\n<td><span style=\"font-weight: 400;\">Taller<\/span><\/td>\n<td><span style=\"font-weight: 400;\">Polastri Liliana Leiva Carina<\/span><\/td>\n<td><span style=\"font-weight: 400;\"> Uno (1)<\/span><\/td>\n<\/tr>\n<tr>\n<td><span style=\"font-weight: 400;\">Seminario en Geograf\u00eda<\/span><\/td>\n<td><span style=\"font-weight: 400;\">Cuarto<\/span><\/td>\n<td><span style=\"font-weight: 400;\">Seminario<\/span><\/td>\n<td><span style=\"font-weight: 400;\">Velazque Pens Marcelo<\/span><\/td>\n<td><span style=\"font-weight: 400;\">UNO (1)<\/span><\/td>\n<\/tr>\n<tr>\n<td><span style=\"font-weight: 400;\">Geograf\u00eda Econ\u00f3mica<\/span><\/td>\n<td><span style=\"font-weight: 400;\">Cuarto<\/span><\/td>\n<td><span style=\"font-weight: 400;\">Asig.<\/span><\/td>\n<td><span style=\"font-weight: 400;\">Velazque Pens Marcelo<\/span><\/td>\n<td><span style=\"font-weight: 400;\">UNO (1)<\/span><\/td>\n<\/tr>\n<tr>\n<td><span style=\"font-weight: 400;\">Did\u00e1ctica de la Geograf\u00eda<\/span><\/td>\n<td><span style=\"font-weight: 400;\">Tercero<\/span><\/td>\n<td><span style=\"font-weight: 400;\">Asig.<\/span><\/td>\n<td><span style=\"font-weight: 400;\">Marcelo Velazque Pens\u00a0\u00a0<\/span><\/td>\n<td><span style=\"font-weight: 400;\">UNO (1)<\/span><\/td>\n<\/tr>\n<tr>\n<td><span style=\"font-weight: 400;\">Naturaleza y Sociedad II<\/span><\/td>\n<td><span style=\"font-weight: 400;\">Tercero<\/span><\/td>\n<td><span style=\"font-weight: 400;\">Asignatura<\/span><\/td>\n<td><span style=\"font-weight: 400;\">Jorge Ugartamend\u00eda<\/span><\/td>\n<td><span style=\"font-weight: 400;\">Uno (1)<\/span><\/td>\n<\/tr>\n<tr>\n<td><span style=\"font-weight: 400;\">Sistema Urbano y Desarrollo Rural Argentino<\/span><\/td>\n<td><span style=\"font-weight: 400;\">Segundo<\/span><\/td>\n<td><span style=\"font-weight: 400;\">Asig.<\/span><\/td>\n<td><span style=\"font-weight: 400;\">Marcelo Velazque Pens\u00a0\u00a0<\/span><\/td>\n<td><span style=\"font-weight: 400;\">UNO (1)<\/span><\/td>\n<\/tr>\n<tr>\n<td><span style=\"font-weight: 400;\">Paisajes Geogr\u00e1ficos Mundiales<\/span><\/td>\n<td><span style=\"font-weight: 400;\">Primero<\/span><\/td>\n<td><span style=\"font-weight: 400;\">Asig.<\/span><\/td>\n<td><span style=\"font-weight: 400;\">Liliana Polastri<\/span><\/td>\n<td><span style=\"font-weight: 400;\">Uno (1)<\/span><\/td>\n<\/tr>\n<tr>\n<td><span style=\"font-weight: 400;\">Culturas y Problem\u00e1ticas Ambientales<\/span><\/td>\n<td><span style=\"font-weight: 400;\">Cuarto<\/span><\/td>\n<td><span style=\"font-weight: 400;\">Asig.<\/span><\/td>\n<td><span style=\"font-weight: 400;\">Liliana Polastri<\/span><\/td>\n<td><span style=\"font-weight: 400;\">Uno (1)<\/span><\/td>\n<\/tr>\n<\/tbody>\n<\/table>\n<h2><b>Profesorado para la Ense\u00f1anza Secundaria en Ciencia Pol\u00edtica<\/b><\/h2>\n<table>\n<tbody>\n<tr>\n<td><span style=\"font-weight: 400;\">Espacio curricular<\/span><\/td>\n<td><span style=\"font-weight: 400;\">Curso y\/o comisi\u00f3n<\/span><\/td>\n<td><span style=\"font-weight: 400;\">Formato<\/span><\/td>\n<td><span style=\"font-weight: 400;\">Docente<\/span><\/td>\n<td><span style=\"font-weight: 400;\">Cantidad de ayudantes<\/span><\/td>\n<\/tr>\n<tr>\n<td><span style=\"font-weight: 400;\">Teor\u00eda Sociol\u00f3gica Cl\u00e1sica y Contempor\u00e1nea\u00a0<\/span><\/td>\n<td><span style=\"font-weight: 400;\">Tercero<\/span><\/td>\n<td><span style=\"font-weight: 400;\">Asignatura<\/span><\/td>\n<td><span style=\"font-weight: 400;\">Villa Claudio<\/span><\/td>\n<td><span style=\"font-weight: 400;\">Uno(1)<\/span><\/td>\n<\/tr>\n<tr>\n<td><span style=\"font-weight: 400;\">Teor\u00eda Pol\u00edtica I<\/span><\/td>\n<td><span style=\"font-weight: 400;\">Segundo<\/span><\/td>\n<td><span style=\"font-weight: 400;\">Asignatura<\/span><\/td>\n<td><span style=\"font-weight: 400;\">Ovelar Slvina<\/span><\/td>\n<td><span style=\"font-weight: 400;\">1(uno)<\/span><\/td>\n<\/tr>\n<tr>\n<td><span style=\"font-weight: 400;\"> Sistemas Pol\u00edticos Comparados<\/span><\/td>\n<td><span style=\"font-weight: 400;\">Cuarto<\/span><\/td>\n<td><span style=\"font-weight: 400;\">Asig<\/span><\/td>\n<td><span style=\"font-weight: 400;\">D\u00edaz Ignacio<\/span><\/td>\n<td><span style=\"font-weight: 400;\">UNO (1)<\/span><\/td>\n<\/tr>\n<tr>\n<td><span style=\"font-weight: 400;\">Relaciones Internacionales<\/span><\/td>\n<td><span style=\"font-weight: 400;\">Cuarto<\/span><\/td>\n<td><span style=\"font-weight: 400;\">Asig<\/span><\/td>\n<td><span style=\"font-weight: 400;\">D\u00edaz Ignacio<\/span><\/td>\n<td><span style=\"font-weight: 400;\">UNO (1)<\/span><\/td>\n<\/tr>\n<tr>\n<td><span style=\"font-weight: 400;\">Epistemolog\u00eda y T\u00e9cnicas de Investigaci\u00f3n en ciencia Pol\u00edtica<\/span><\/td>\n<td><span style=\"font-weight: 400;\">cuarto<\/span><\/td>\n<td><span style=\"font-weight: 400;\"> Taller<\/span><\/td>\n<td><span style=\"font-weight: 400;\">D\u00edaz Ignacio<\/span><\/td>\n<td><span style=\"font-weight: 400;\">UNO (1)<\/span><\/td>\n<\/tr>\n<tr>\n<td><span style=\"font-weight: 400;\">Opini\u00f3n P\u00fablica y medios de Comunicaci\u00f3n<\/span><\/td>\n<td><span style=\"font-weight: 400;\">cuarto<\/span><\/td>\n<td><span style=\"font-weight: 400;\"> Taller<\/span><\/td>\n<td><span style=\"font-weight: 400;\">D\u00edaz Ignacio<\/span><\/td>\n<td><span style=\"font-weight: 400;\">UNO (1)<\/span><\/td>\n<\/tr>\n<tr>\n<td><span style=\"font-weight: 400;\">Pensamiento Pol\u00edtico Latinoamericano y Argentino.<\/span><\/td>\n<td><span style=\"font-weight: 400;\">cuarto<\/span><\/td>\n<td><span style=\"font-weight: 400;\">Asig<\/span><\/td>\n<td><span style=\"font-weight: 400;\">D\u00edaz Ignacio<\/span><\/td>\n<td><span style=\"font-weight: 400;\">UNO (1)<\/span><\/td>\n<\/tr>\n<tr>\n<td><span style=\"font-weight: 400;\">Did\u00e1ctica de la Ciencia Pol\u00edtica<\/span><\/td>\n<td><span style=\"font-weight: 400;\">Tercero<\/span><\/td>\n<td><span style=\"font-weight: 400;\">Taller<\/span><\/td>\n<td><span style=\"font-weight: 400;\">D\u00edaz Ignacio<\/span><\/td>\n<td><span style=\"font-weight: 400;\">UNO (1)<\/span><\/td>\n<\/tr>\n<tr>\n<td><span style=\"font-weight: 400;\">Teor\u00eda Pol\u00edtica II<\/span><\/td>\n<td><span style=\"font-weight: 400;\">Tercero<\/span><\/td>\n<td><span style=\"font-weight: 400;\">Asig<\/span><\/td>\n<td><span style=\"font-weight: 400;\">D\u00edaz Ignacio<\/span><\/td>\n<td><span style=\"font-weight: 400;\">UNO (1)<\/span><\/td>\n<\/tr>\n<tr>\n<td><span style=\"font-weight: 400;\">Problem\u00e1tica de la Ciencia Pol\u00edtica II<\/span><\/td>\n<td><span style=\"font-weight: 400;\">Segundo<\/span><\/td>\n<td><span style=\"font-weight: 400;\">Asig.<\/span><\/td>\n<td><span style=\"font-weight: 400;\">D\u00edaz Ignacio<\/span><\/td>\n<td><span style=\"font-weight: 400;\">UNO (1)<\/span><\/td>\n<\/tr>\n<tr>\n<td><span style=\"font-weight: 400;\">Problem\u00e1tica de la Ciencia Pol\u00edtica I<\/span><\/td>\n<td><span style=\"font-weight: 400;\">Primero<\/span><\/td>\n<td><span style=\"font-weight: 400;\">Asig<\/span><\/td>\n<td><span style=\"font-weight: 400;\">Velazque Pens Marcelo<\/span><\/td>\n<td><span style=\"font-weight: 400;\">UNO (1)<\/span><\/td>\n<\/tr>\n<tr>\n<td><span style=\"font-weight: 400;\">Procesos Hist\u00f3ricos Modernos<\/span><\/td>\n<td><span style=\"font-weight: 400;\">Primero<\/span><\/td>\n<td><span style=\"font-weight: 400;\">Asig<\/span><\/td>\n<td><span style=\"font-weight: 400;\">Velazque Pens Marcelo<\/span><\/td>\n<td><span style=\"font-weight: 400;\">UNO (1)<\/span><\/td>\n<\/tr>\n<tr>\n<td><span style=\"font-weight: 400;\">Derecho Administrativo<\/span><\/td>\n<td><span style=\"font-weight: 400;\">Tercero<\/span><\/td>\n<td><span style=\"font-weight: 400;\">Asig<\/span><\/td>\n<td><span style=\"font-weight: 400;\">Velazque Pens Marcelo<\/span><\/td>\n<td><span style=\"font-weight: 400;\">UNO (1)<\/span><\/td>\n<\/tr>\n<tr>\n<td><span style=\"font-weight: 400;\">Did\u00e1ctica de las Ciencias Sociales<\/span><\/td>\n<td><span style=\"font-weight: 400;\">Segundo<\/span><\/td>\n<td><span style=\"font-weight: 400;\">Taller<\/span><\/td>\n<td><span style=\"font-weight: 400;\">Velazque Pens Marcelo<\/span><\/td>\n<td><span style=\"font-weight: 400;\">UNO (1)<\/span><\/td>\n<\/tr>\n<\/tbody>\n<\/table>\n<p>&nbsp;<\/p>\n","protected":false},"excerpt":{"rendered":"<p>El Consejo Directivo del Profesorado de Ciencias Sociales convoca a Egresados y Estudiantes avanzados, para desempe\u00f1arse como Ayudantes de C\u00e1tedra (Res. 1888\/07) del CGE. Los interesados deber\u00e1n presentar Proyecto de Ayudant\u00eda, Curriculum y\u00a0 t\u00edtulo o\u00a0 certificado anal\u00edtico escaneado\u00a0 en formato pdf . Desde el 12\/03 al 26\/03 (inclusive)\u00a0 Enviar por correo electr\u00f3nico a academicasociales1@gmail.com Por &#8230; <a title=\"Convocatoria a ayudant\u00edas de c\u00e1tedra 2021\" class=\"read-more\" href=\"https:\/\/iscsconcordia-ers.infd.edu.ar\/sitio\/convocatoria-a-ayudantias-de-catedra-2021\/\" aria-label=\"More on Convocatoria a ayudant\u00edas de c\u00e1tedra 2021\">[+]<\/a><\/p>\n","protected":false},"author":51,"featured_media":0,"comment_status":"open","ping_status":"open","sticky":false,"template":"","format":"standard","meta":[],"categories":[7,6],"tags":[],"acf":[],"_links":{"self":[{"href":"https:\/\/iscsconcordia-ers.infd.edu.ar\/sitio\/wp-json\/wp\/v2\/posts\/1524"}],"collection":[{"href":"https:\/\/iscsconcordia-ers.infd.edu.ar\/sitio\/wp-json\/wp\/v2\/posts"}],"about":[{"href":"https:\/\/iscsconcordia-ers.infd.edu.ar\/sitio\/wp-json\/wp\/v2\/types\/post"}],"author":[{"embeddable":true,"href":"https:\/\/iscsconcordia-ers.infd.edu.ar\/sitio\/wp-json\/wp\/v2\/users\/51"}],"replies":[{"embeddable":true,"href":"https:\/\/iscsconcordia-ers.infd.edu.ar\/sitio\/wp-json\/wp\/v2\/comments?post=1524"}],"version-history":[{"count":5,"href":"https:\/\/iscsconcordia-ers.infd.edu.ar\/sitio\/wp-json\/wp\/v2\/posts\/1524\/revisions"}],"predecessor-version":[{"id":1529,"href":"https:\/\/iscsconcordia-ers.infd.edu.ar\/sitio\/wp-json\/wp\/v2\/posts\/1524\/revisions\/1529"}],"wp:attachment":[{"href":"https:\/\/iscsconcordia-ers.infd.edu.ar\/sitio\/wp-json\/wp\/v2\/media?parent=1524"}],"wp:term":[{"taxonomy":"category","embeddable":true,"href":"https:\/\/iscsconcordia-ers.infd.edu.ar\/sitio\/wp-json\/wp\/v2\/categories?post=1524"},{"taxonomy":"post_tag","embeddable":true,"href":"https:\/\/iscsconcordia-ers.infd.edu.ar\/sitio\/wp-json\/wp\/v2\/tags?post=1524"}],"curies":[{"name":"wp","href":"https:\/\/api.w.org\/{rel}","templated":true}]}}