{"id":1391,"date":"2020-07-03T18:23:52","date_gmt":"2020-07-03T21:23:52","guid":{"rendered":"https:\/\/iscsconcordia-ers.infd.edu.ar\/sitio\/?p=1391"},"modified":"2020-07-03T18:23:52","modified_gmt":"2020-07-03T21:23:52","slug":"entre-catedras-sociales-piensa-la-pandemia","status":"publish","type":"post","link":"https:\/\/iscsconcordia-ers.infd.edu.ar\/sitio\/entre-catedras-sociales-piensa-la-pandemia\/","title":{"rendered":"Entre C\u00e1tedras Sociales Piensa la Pandemia"},"content":{"rendered":"<p>En este espacio compartimos a modo de resumen lo vivido estos d\u00edas sobre el proyecto Entre C\u00e1tedras Sociales Piensa la Pandemia<\/p>\n<p><a href=\"https:\/\/www.calameo.com\/subscriptions\/6388533\">Publicaciones en formato PDF<\/a><\/p>\n<p>Lista de reproducci\u00f3n con 25 v\u00eddeos:<\/p>\n<p><iframe loading=\"lazy\" width=\"1200\" height=\"675\" src=\"https:\/\/www.youtube.com\/embed\/videoseries?list=PLEkslSUzGwBo9Qaved3IzQ6e8UcoWIQx-\" frameborder=\"0\" allow=\"accelerometer; autoplay; encrypted-media; gyroscope; picture-in-picture\" allowfullscreen><\/iframe><\/p>\n<p>Primer Facebook Live con el Lic. Sergio Brodsky<\/p>\n<div id=\"fb-root\"><\/div>\n<p><script async=\"1\" defer=\"1\" crossorigin=\"anonymous\" src=\"https:\/\/connect.facebook.net\/en_US\/sdk.js#xfbml=1&amp;version=v7.0\" nonce=\"ENdNLLnN\"><\/script><\/p>\n<div class=\"fb-video\" data-href=\"https:\/\/www.facebook.com\/profesoradosup.cienciassociales\/videos\/197034001669230\/\" data-width=\"1200\">\n<blockquote cite=\"https:\/\/www.facebook.com\/profesoradosup.cienciassociales\/videos\/197034001669230\/\" class=\"fb-xfbml-parse-ignore\"><p><a href=\"https:\/\/www.facebook.com\/profesoradosup.cienciassociales\/videos\/197034001669230\/\">Sociales Piensa la Pandemia<\/a><\/p>\n<p>Entre c\u00e1tedras: Sociales Piensa la PandemiaCharla Pandemia Salud Mental y Sociedadcon el Lic. Sergio Brodsky<\/p>\n<p>Posted by <a href=\"https:\/\/www.facebook.com\/profesoradosup.cienciassociales\/\">Profesorado Sup Ciencias Sociales<\/a> on Monday, June 29, 2020<\/p><\/blockquote>\n<\/div>\n<p>Segundo Facebook Live Conversatario entre Patricio Eleisegui y Carlos Briganti<\/p>\n<div id=\"fb-root\"><\/div>\n<p><script async=\"1\" defer=\"1\" crossorigin=\"anonymous\" src=\"https:\/\/connect.facebook.net\/en_US\/sdk.js#xfbml=1&amp;version=v7.0\" nonce=\"PQBHnqfl\"><\/script><\/p>\n<div class=\"fb-video\" data-href=\"https:\/\/www.facebook.com\/profesoradosup.cienciassociales\/videos\/1952262311596231\/\" data-width=\"1200\">\n<blockquote cite=\"https:\/\/www.facebook.com\/profesoradosup.cienciassociales\/videos\/1952262311596231\/\" class=\"fb-xfbml-parse-ignore\"><p><a href=\"https:\/\/www.facebook.com\/profesoradosup.cienciassociales\/videos\/1952262311596231\/\">Sociales Piensa la Pandemia 2da Jornada<\/a><\/p>\n<p>Sociales Piensa la Pandemia 2da JornadaConversatorio entre Patricio Eleisegui y Carlos Briganti<\/p>\n<p>Posted by <a href=\"https:\/\/www.facebook.com\/profesoradosup.cienciassociales\/\">Profesorado Sup Ciencias Sociales<\/a> on Tuesday, June 30, 2020<\/p><\/blockquote>\n<\/div>\n<p>Tercera Jornada: Colectivo de G\u00e9neros<\/p>\n<p><iframe loading=\"lazy\" width=\"1200\" height=\"675\" src=\"https:\/\/www.youtube.com\/embed\/refkH6ykTVw?feature=oembed\" frameborder=\"0\" allow=\"accelerometer; autoplay; encrypted-media; gyroscope; picture-in-picture\" allowfullscreen><\/iframe><\/p>\n<p>&nbsp;<\/p>\n<p>&nbsp;<\/p>\n","protected":false},"excerpt":{"rendered":"<p>En este espacio compartimos a modo de resumen lo vivido estos d\u00edas sobre el proyecto Entre C\u00e1tedras Sociales Piensa la Pandemia Publicaciones en formato PDF Lista de reproducci\u00f3n con 25 v\u00eddeos: Primer Facebook Live con el Lic. Sergio Brodsky Segundo Facebook Live Conversatario entre Patricio Eleisegui y Carlos Briganti Tercera Jornada: Colectivo de G\u00e9neros &nbsp; &#8230; <a title=\"Entre C\u00e1tedras Sociales Piensa la Pandemia\" class=\"read-more\" href=\"https:\/\/iscsconcordia-ers.infd.edu.ar\/sitio\/entre-catedras-sociales-piensa-la-pandemia\/\" aria-label=\"More on Entre C\u00e1tedras Sociales Piensa la Pandemia\">[+]<\/a><\/p>\n","protected":false},"author":37,"featured_media":0,"comment_status":"open","ping_status":"open","sticky":false,"template":"","format":"standard","meta":[],"categories":[1],"tags":[],"acf":[],"_links":{"self":[{"href":"https:\/\/iscsconcordia-ers.infd.edu.ar\/sitio\/wp-json\/wp\/v2\/posts\/1391"}],"collection":[{"href":"https:\/\/iscsconcordia-ers.infd.edu.ar\/sitio\/wp-json\/wp\/v2\/posts"}],"about":[{"href":"https:\/\/iscsconcordia-ers.infd.edu.ar\/sitio\/wp-json\/wp\/v2\/types\/post"}],"author":[{"embeddable":true,"href":"https:\/\/iscsconcordia-ers.infd.edu.ar\/sitio\/wp-json\/wp\/v2\/users\/37"}],"replies":[{"embeddable":true,"href":"https:\/\/iscsconcordia-ers.infd.edu.ar\/sitio\/wp-json\/wp\/v2\/comments?post=1391"}],"version-history":[{"count":1,"href":"https:\/\/iscsconcordia-ers.infd.edu.ar\/sitio\/wp-json\/wp\/v2\/posts\/1391\/revisions"}],"predecessor-version":[{"id":1392,"href":"https:\/\/iscsconcordia-ers.infd.edu.ar\/sitio\/wp-json\/wp\/v2\/posts\/1391\/revisions\/1392"}],"wp:attachment":[{"href":"https:\/\/iscsconcordia-ers.infd.edu.ar\/sitio\/wp-json\/wp\/v2\/media?parent=1391"}],"wp:term":[{"taxonomy":"category","embeddable":true,"href":"https:\/\/iscsconcordia-ers.infd.edu.ar\/sitio\/wp-json\/wp\/v2\/categories?post=1391"},{"taxonomy":"post_tag","embeddable":true,"href":"https:\/\/iscsconcordia-ers.infd.edu.ar\/sitio\/wp-json\/wp\/v2\/tags?post=1391"}],"curies":[{"name":"wp","href":"https:\/\/api.w.org\/{rel}","templated":true}]}}