{"id":1239,"date":"2019-07-03T20:37:23","date_gmt":"2019-07-03T23:37:23","guid":{"rendered":"https:\/\/iscsconcordia-ers.infd.edu.ar\/sitio\/?p=1239"},"modified":"2019-07-03T20:37:23","modified_gmt":"2019-07-03T23:37:23","slug":"actualizacion-academica-en-practicas-docentes","status":"publish","type":"post","link":"https:\/\/iscsconcordia-ers.infd.edu.ar\/sitio\/actualizacion-academica-en-practicas-docentes\/","title":{"rendered":"Actualizaci\u00f3n Acad\u00e9mica en Pr\u00e1cticas Docentes"},"content":{"rendered":"<p>El d\u00eda 26 de junio docentes del Campo de la Pr\u00e1ctica Docente y Coformadores de las escuelas asociadas de nuestra instituci\u00f3n iniciaron la Actualizaci\u00f3n Acad\u00e9mica en Pr\u00e1cticas Docentes organizada por la Direcci\u00f3n de Educaci\u00f3n Superior del Consejo General de Entre R\u00edos.<\/p>\n<p>&nbsp;<\/p>\n<div id='gallery-1' class='gallery galleryid-1239 gallery-columns-3 gallery-size-thumbnail'><figure class='gallery-item'>\n\t\t\t<div class='gallery-icon landscape'>\n\t\t\t\t<a href='https:\/\/iscsconcordia-ers.infd.edu.ar\/sitio\/actualizacion-academica-en-practicas-docentes\/img_20190626_090227015\/#main'><img width=\"500\" height=\"500\" src=\"https:\/\/iscsconcordia-ers.infd.edu.ar\/sitio\/wp-content\/uploads\/2019\/07\/IMG_20190626_090227015-500x500.jpg\" class=\"attachment-thumbnail size-thumbnail\" alt=\"\" decoding=\"async\" loading=\"lazy\" \/><\/a>\n\t\t\t<\/div><\/figure><figure class='gallery-item'>\n\t\t\t<div class='gallery-icon landscape'>\n\t\t\t\t<a href='https:\/\/iscsconcordia-ers.infd.edu.ar\/sitio\/actualizacion-academica-en-practicas-docentes\/img_20190626_090235275\/#main'><img width=\"500\" height=\"500\" src=\"https:\/\/iscsconcordia-ers.infd.edu.ar\/sitio\/wp-content\/uploads\/2019\/07\/IMG_20190626_090235275-500x500.jpg\" class=\"attachment-thumbnail size-thumbnail\" alt=\"\" decoding=\"async\" loading=\"lazy\" \/><\/a>\n\t\t\t<\/div><\/figure><figure class='gallery-item'>\n\t\t\t<div class='gallery-icon landscape'>\n\t\t\t\t<a href='https:\/\/iscsconcordia-ers.infd.edu.ar\/sitio\/actualizacion-academica-en-practicas-docentes\/img_20190626_090249741\/#main'><img width=\"500\" height=\"500\" src=\"https:\/\/iscsconcordia-ers.infd.edu.ar\/sitio\/wp-content\/uploads\/2019\/07\/IMG_20190626_090249741-500x500.jpg\" class=\"attachment-thumbnail size-thumbnail\" alt=\"\" decoding=\"async\" loading=\"lazy\" \/><\/a>\n\t\t\t<\/div><\/figure><figure class='gallery-item'>\n\t\t\t<div class='gallery-icon portrait'>\n\t\t\t\t<a href='https:\/\/iscsconcordia-ers.infd.edu.ar\/sitio\/actualizacion-academica-en-practicas-docentes\/img_20190626_090503615\/#main'><img width=\"500\" height=\"500\" src=\"https:\/\/iscsconcordia-ers.infd.edu.ar\/sitio\/wp-content\/uploads\/2019\/07\/IMG_20190626_090503615-500x500.jpg\" class=\"attachment-thumbnail size-thumbnail\" alt=\"\" decoding=\"async\" loading=\"lazy\" \/><\/a>\n\t\t\t<\/div><\/figure><figure class='gallery-item'>\n\t\t\t<div class='gallery-icon landscape'>\n\t\t\t\t<a href='https:\/\/iscsconcordia-ers.infd.edu.ar\/sitio\/actualizacion-academica-en-practicas-docentes\/img_20190626_094849324\/#main'><img width=\"500\" height=\"500\" src=\"https:\/\/iscsconcordia-ers.infd.edu.ar\/sitio\/wp-content\/uploads\/2019\/07\/IMG_20190626_094849324-500x500.jpg\" class=\"attachment-thumbnail size-thumbnail\" alt=\"\" decoding=\"async\" loading=\"lazy\" \/><\/a>\n\t\t\t<\/div><\/figure><figure class='gallery-item'>\n\t\t\t<div class='gallery-icon landscape'>\n\t\t\t\t<a href='https:\/\/iscsconcordia-ers.infd.edu.ar\/sitio\/actualizacion-academica-en-practicas-docentes\/img_20190626_114726903_burst000_cover_top\/#main'><img width=\"500\" height=\"500\" src=\"https:\/\/iscsconcordia-ers.infd.edu.ar\/sitio\/wp-content\/uploads\/2019\/07\/IMG_20190626_114726903_BURST000_COVER_TOP-500x500.jpg\" class=\"attachment-thumbnail size-thumbnail\" alt=\"\" decoding=\"async\" loading=\"lazy\" \/><\/a>\n\t\t\t<\/div><\/figure><figure class='gallery-item'>\n\t\t\t<div class='gallery-icon landscape'>\n\t\t\t\t<a href='https:\/\/iscsconcordia-ers.infd.edu.ar\/sitio\/actualizacion-academica-en-practicas-docentes\/img_20190626_115120908\/#main'><img width=\"500\" height=\"500\" src=\"https:\/\/iscsconcordia-ers.infd.edu.ar\/sitio\/wp-content\/uploads\/2019\/07\/IMG_20190626_115120908-500x500.jpg\" class=\"attachment-thumbnail size-thumbnail\" alt=\"\" decoding=\"async\" loading=\"lazy\" \/><\/a>\n\t\t\t<\/div><\/figure><figure class='gallery-item'>\n\t\t\t<div class='gallery-icon landscape'>\n\t\t\t\t<a href='https:\/\/iscsconcordia-ers.infd.edu.ar\/sitio\/actualizacion-academica-en-practicas-docentes\/img-20190703-wa0032\/#main'><img width=\"500\" height=\"500\" src=\"https:\/\/iscsconcordia-ers.infd.edu.ar\/sitio\/wp-content\/uploads\/2019\/07\/IMG-20190703-WA0032-500x500.jpg\" class=\"attachment-thumbnail size-thumbnail\" alt=\"\" decoding=\"async\" loading=\"lazy\" \/><\/a>\n\t\t\t<\/div><\/figure>\n\t\t<\/div>\n\n","protected":false},"excerpt":{"rendered":"<p>El d\u00eda 26 de junio docentes del Campo de la Pr\u00e1ctica Docente y Coformadores de las escuelas asociadas de nuestra instituci\u00f3n iniciaron la Actualizaci\u00f3n Acad\u00e9mica en Pr\u00e1cticas Docentes organizada por la Direcci\u00f3n de Educaci\u00f3n Superior del Consejo General de Entre R\u00edos. &nbsp;<\/p>\n","protected":false},"author":37,"featured_media":0,"comment_status":"open","ping_status":"open","sticky":false,"template":"","format":"standard","meta":[],"categories":[6],"tags":[],"acf":[],"_links":{"self":[{"href":"https:\/\/iscsconcordia-ers.infd.edu.ar\/sitio\/wp-json\/wp\/v2\/posts\/1239"}],"collection":[{"href":"https:\/\/iscsconcordia-ers.infd.edu.ar\/sitio\/wp-json\/wp\/v2\/posts"}],"about":[{"href":"https:\/\/iscsconcordia-ers.infd.edu.ar\/sitio\/wp-json\/wp\/v2\/types\/post"}],"author":[{"embeddable":true,"href":"https:\/\/iscsconcordia-ers.infd.edu.ar\/sitio\/wp-json\/wp\/v2\/users\/37"}],"replies":[{"embeddable":true,"href":"https:\/\/iscsconcordia-ers.infd.edu.ar\/sitio\/wp-json\/wp\/v2\/comments?post=1239"}],"version-history":[{"count":1,"href":"https:\/\/iscsconcordia-ers.infd.edu.ar\/sitio\/wp-json\/wp\/v2\/posts\/1239\/revisions"}],"predecessor-version":[{"id":1248,"href":"https:\/\/iscsconcordia-ers.infd.edu.ar\/sitio\/wp-json\/wp\/v2\/posts\/1239\/revisions\/1248"}],"wp:attachment":[{"href":"https:\/\/iscsconcordia-ers.infd.edu.ar\/sitio\/wp-json\/wp\/v2\/media?parent=1239"}],"wp:term":[{"taxonomy":"category","embeddable":true,"href":"https:\/\/iscsconcordia-ers.infd.edu.ar\/sitio\/wp-json\/wp\/v2\/categories?post=1239"},{"taxonomy":"post_tag","embeddable":true,"href":"https:\/\/iscsconcordia-ers.infd.edu.ar\/sitio\/wp-json\/wp\/v2\/tags?post=1239"}],"curies":[{"name":"wp","href":"https:\/\/api.w.org\/{rel}","templated":true}]}}