{"id":1123,"date":"2019-03-12T15:53:44","date_gmt":"2019-03-12T18:53:44","guid":{"rendered":"https:\/\/iscsconcordia-ers.infd.edu.ar\/sitio\/?p=1123"},"modified":"2019-03-12T15:55:06","modified_gmt":"2019-03-12T18:55:06","slug":"1123-2","status":"publish","type":"post","link":"https:\/\/iscsconcordia-ers.infd.edu.ar\/sitio\/1123-2\/","title":{"rendered":"Convocatoria a ayudant\u00edas de c\u00e1tedra"},"content":{"rendered":"<p><b>El Consejo Directivo del Profesorado de Ciencias Sociales convoca a Egresados y Estudiantes avanzados, para desempe\u00f1arse como Ayudantes de C\u00e1tedra (Res. 1888\/07) del CGE, para los siguientes espacios y carreras:<\/b><\/p>\n<p><b>Profesorado para la ense\u00f1anza secundaria en Historia<\/b><\/p>\n<table>\n<tbody>\n<tr>\n<td><span style=\"font-weight: 400;\">Espacio curricular<\/span><\/td>\n<td><span style=\"font-weight: 400;\">Curso y\/o comisi\u00f3n<\/span><\/td>\n<td><span style=\"font-weight: 400;\">Formato<\/span><\/td>\n<td><span style=\"font-weight: 400;\">Docente<\/span><\/td>\n<td><span style=\"font-weight: 400;\">Cantidad de ayudantes<\/span><\/td>\n<\/tr>\n<tr>\n<td><span style=\"font-weight: 400;\">Procesos sociales, pol\u00edticos y culturales de la Antig\u00fcedad<\/span><\/td>\n<td><span style=\"font-weight: 400;\">Primero segunda<\/span><\/td>\n<td><span style=\"font-weight: 400;\">Asignatura<\/span><\/td>\n<td><span style=\"font-weight: 400;\">Borche, Javier P.<\/span><\/td>\n<td><span style=\"font-weight: 400;\">UNO (1)<\/span><\/td>\n<\/tr>\n<tr>\n<td><span style=\"font-weight: 400;\">Problem\u00e1ticas de los conocimientos hist\u00f3ricos<\/span><\/td>\n<td><span style=\"font-weight: 400;\">Primero segunda<\/span><\/td>\n<td><span style=\"font-weight: 400;\">Asignatura<\/span><\/td>\n<td><span style=\"font-weight: 400;\">Borche, Javier P.<\/span><\/td>\n<td><span style=\"font-weight: 400;\">UNO (1)<\/span><\/td>\n<\/tr>\n<tr>\n<td><span style=\"font-weight: 400;\">Historia de las Ideas II<\/span><\/td>\n<td><span style=\"font-weight: 400;\">Segundo segunda<\/span><\/td>\n<td><span style=\"font-weight: 400;\">Seminario<\/span><\/td>\n<td><span style=\"font-weight: 400;\">Borche, Javier P.<\/span><\/td>\n<td><span style=\"font-weight: 400;\">UNO (1)<\/span><\/td>\n<\/tr>\n<tr>\n<td><span style=\"font-weight: 400;\">Epistemolog\u00eda de la Historia<\/span><\/td>\n<td><span style=\"font-weight: 400;\">Tercero primera<\/span><\/td>\n<td><span style=\"font-weight: 400;\">Seminario<\/span><\/td>\n<td><span style=\"font-weight: 400;\">Borche, Javier P.<\/span><\/td>\n<td><span style=\"font-weight: 400;\">UNO (1)<\/span><\/td>\n<\/tr>\n<tr>\n<td><span style=\"font-weight: 400;\">Epistemolog\u00eda de la Historia<\/span><\/td>\n<td><span style=\"font-weight: 400;\">Tercero segunda<\/span><\/td>\n<td><span style=\"font-weight: 400;\">Seminario<\/span><\/td>\n<td><span style=\"font-weight: 400;\">Borche, Javier P.<\/span><\/td>\n<td><span style=\"font-weight: 400;\">UNO (1)<\/span><\/td>\n<\/tr>\n<tr>\n<td><span style=\"font-weight: 400;\">Problem\u00e1ticas, hist\u00f3ricas, regionales y locales<\/span><\/td>\n<td><span style=\"font-weight: 400;\">Cuarto segunda<\/span><\/td>\n<td><span style=\"font-weight: 400;\">Taller<\/span><\/td>\n<td><span style=\"font-weight: 400;\">Borche, Javier P.<\/span><\/td>\n<td><span style=\"font-weight: 400;\">UNO (1)<\/span><\/td>\n<\/tr>\n<tr>\n<td><span style=\"font-weight: 400;\">UDI II: producci\u00f3n de materiales digitales para la ense\u00f1anza de la historia<\/span><\/td>\n<td><span style=\"font-weight: 400;\">Cuarto primera<\/span><\/td>\n<td><span style=\"font-weight: 400;\">Taller<\/span><\/td>\n<td><span style=\"font-weight: 400;\">Borche, Javier P.<\/span><\/td>\n<td><span style=\"font-weight: 400;\">UNO (1)<\/span><\/td>\n<\/tr>\n<tr>\n<td><span style=\"font-weight: 400;\">Procesos sociales, pol\u00edticos, econ\u00f3m. y culturales Americanos I<\/span><\/td>\n<td><span style=\"font-weight: 400;\">Segundo primera<\/span><\/td>\n<td><span style=\"font-weight: 400;\">Asignatura<\/span><\/td>\n<td><span style=\"font-weight: 400;\">Flavia Frigo<\/span><\/td>\n<td><span style=\"font-weight: 400;\">Uno<\/span><\/td>\n<\/tr>\n<tr>\n<td><span style=\"font-weight: 400;\">Procesos sociales, pol\u00edticos, econ\u00f3m. y culturales Americanos I<\/span><\/td>\n<td><span style=\"font-weight: 400;\">segundo segunda<\/span><\/td>\n<td><span style=\"font-weight: 400;\">Asignatura<\/span><\/td>\n<td><span style=\"font-weight: 400;\">Flavia Frigo<\/span><\/td>\n<td><span style=\"font-weight: 400;\">Uno<\/span><\/td>\n<\/tr>\n<tr>\n<td><span style=\"font-weight: 400;\">Procesos Sociales, pol\u00edticos, econ\u00f3m. y culturales del Feudalismo y la Modernidad<\/span><\/td>\n<td><span style=\"font-weight: 400;\">Segundo primera<\/span><\/td>\n<td><span style=\"font-weight: 400;\">Asignatura<\/span><\/td>\n<td><span style=\"font-weight: 400;\">Flavia Frigo<\/span><\/td>\n<td><span style=\"font-weight: 400;\">Uno<\/span><\/td>\n<\/tr>\n<tr>\n<td><span style=\"font-weight: 400;\">Procesos Sociales, pol\u00edticos, econ\u00f3m. y culturales del Feudalismo y la Modernidad<\/span><\/td>\n<td><span style=\"font-weight: 400;\">segundo segunda<\/span><\/td>\n<td><span style=\"font-weight: 400;\">Asignatura<\/span><\/td>\n<td><span style=\"font-weight: 400;\">Flavia Frigo<\/span><\/td>\n<td><span style=\"font-weight: 400;\">Uno<\/span><\/td>\n<\/tr>\n<tr>\n<td><span style=\"font-weight: 400;\">Historia de las Ideas<\/span><\/td>\n<td><span style=\"font-weight: 400;\">Primero Primera<\/span><\/td>\n<td><span style=\"font-weight: 400;\">Asig.<\/span><\/td>\n<td><span style=\"font-weight: 400;\">Velazque Pens Marcelo<\/span><\/td>\n<td><span style=\"font-weight: 400;\">UNO (1)<\/span><\/td>\n<\/tr>\n<tr>\n<td><span style=\"font-weight: 400;\">Historia de las Ideas<\/span><\/td>\n<td><span style=\"font-weight: 400;\">Primero Segunda<\/span><\/td>\n<td><span style=\"font-weight: 400;\">Asig.<\/span><\/td>\n<td><span style=\"font-weight: 400;\">Velazque Pens Marcelo<\/span><\/td>\n<td><span style=\"font-weight: 400;\">UNO (1)<\/span><\/td>\n<\/tr>\n<tr>\n<td><span style=\"font-weight: 400;\">Did\u00e1ctica de la Historia<\/span><\/td>\n<td><span style=\"font-weight: 400;\">Tercero segunda<\/span><\/td>\n<td><span style=\"font-weight: 400;\">Asig.<\/span><\/td>\n<td><span style=\"font-weight: 400;\">Velazque Pens Marcelo<\/span><\/td>\n<td><span style=\"font-weight: 400;\">UNO (1)<\/span><\/td>\n<\/tr>\n<\/tbody>\n<\/table>\n<p><b>Profesorado para la ense\u00f1anza secundaria en Geograf\u00eda<\/b><\/p>\n<table>\n<tbody>\n<tr>\n<td><span style=\"font-weight: 400;\">Espacio curricular<\/span><\/td>\n<td><span style=\"font-weight: 400;\">Curso y\/o comisi\u00f3n<\/span><\/td>\n<td><span style=\"font-weight: 400;\">Formato<\/span><\/td>\n<td><span style=\"font-weight: 400;\">Docente<\/span><\/td>\n<td><span style=\"font-weight: 400;\">Cantidad de ayudantes<\/span><\/td>\n<\/tr>\n<tr>\n<td><span style=\"font-weight: 400;\">Historia pol\u00edtica y social, argentina y latinoamericana<\/span><\/td>\n<td><span style=\"font-weight: 400;\">Segundo<\/span><\/td>\n<td><span style=\"font-weight: 400;\">Asignatura<\/span><\/td>\n<td><span style=\"font-weight: 400;\">Borche, Javier P.<\/span><\/td>\n<td><span style=\"font-weight: 400;\">UNO (1)<\/span><\/td>\n<\/tr>\n<tr>\n<td><span style=\"font-weight: 400;\">Epistemolog\u00eda de la geograf\u00eda<\/span><\/td>\n<td><span style=\"font-weight: 400;\">Tercero<\/span><\/td>\n<td><span style=\"font-weight: 400;\">Asignatura<\/span><\/td>\n<td><span style=\"font-weight: 400;\">Pontnau Germ\u00e1n<\/span><\/td>\n<td><span style=\"font-weight: 400;\">UNO (1)<\/span><\/td>\n<\/tr>\n<tr>\n<td><span style=\"font-weight: 400;\">Geograf\u00eda de Entre R\u00edos<\/span><\/td>\n<td><span style=\"font-weight: 400;\">Primero Primera<\/span><\/td>\n<td><span style=\"font-weight: 400;\">Asignatura<\/span><\/td>\n<td><span style=\"font-weight: 400;\">Pontnau Germ\u00e1n<\/span><\/td>\n<td><span style=\"font-weight: 400;\">UNO (1)<\/span><\/td>\n<\/tr>\n<tr>\n<td><span style=\"font-weight: 400;\">Naturaleza y Sociedad I<\/span><\/td>\n<td><span style=\"font-weight: 400;\">Primero Primera<\/span><\/td>\n<td><span style=\"font-weight: 400;\">Asignatura<\/span><\/td>\n<td><span style=\"font-weight: 400;\">Pontnau Germ\u00e1n<\/span><\/td>\n<td><span style=\"font-weight: 400;\">UNO (1)<\/span><\/td>\n<\/tr>\n<tr>\n<td><span style=\"font-weight: 400;\"> Pr\u00e1ctica Docente IV<\/span><\/td>\n<td><span style=\"font-weight: 400;\">Cuarto<\/span><\/td>\n<td><span style=\"font-weight: 400;\">Taller<\/span><\/td>\n<td><span style=\"font-weight: 400;\">Polastri Liliana Leiva Carina<\/span><\/td>\n<td><\/td>\n<\/tr>\n<tr>\n<td><span style=\"font-weight: 400;\">Seminario en Geograf\u00eda<\/span><\/td>\n<td><span style=\"font-weight: 400;\">Cuarto<\/span><\/td>\n<td><span style=\"font-weight: 400;\">Seminario<\/span><\/td>\n<td><span style=\"font-weight: 400;\">Velazque Pens Marcelo<\/span><\/td>\n<td><span style=\"font-weight: 400;\">UNO (1)<\/span><\/td>\n<\/tr>\n<tr>\n<td><span style=\"font-weight: 400;\">Geograf\u00eda Econ\u00f3mica<\/span><\/td>\n<td><span style=\"font-weight: 400;\">Cuarto<\/span><\/td>\n<td><span style=\"font-weight: 400;\">Asig.<\/span><\/td>\n<td><span style=\"font-weight: 400;\">Velazque Pens Marcelo<\/span><\/td>\n<td><span style=\"font-weight: 400;\">UNO (1)<\/span><\/td>\n<\/tr>\n<tr>\n<td><span style=\"font-weight: 400;\">Did\u00e1ctica de la Geograf\u00eda<\/span><\/td>\n<td><span style=\"font-weight: 400;\">Tercero<\/span><\/td>\n<td><span style=\"font-weight: 400;\">Asig.<\/span><\/td>\n<td><span style=\"font-weight: 400;\">Velazque Pens \u00a0<\/span><\/td>\n<td><span style=\"font-weight: 400;\">UNO (1)<\/span><\/td>\n<\/tr>\n<tr>\n<td><span style=\"font-weight: 400;\">Sistema Urbano y Desarrollo Rural Argentino<\/span><\/td>\n<td><span style=\"font-weight: 400;\">Segundo<\/span><\/td>\n<td><span style=\"font-weight: 400;\">Asig.<\/span><\/td>\n<td><span style=\"font-weight: 400;\">Velazque Pens \u00a0<\/span><\/td>\n<td><span style=\"font-weight: 400;\">UNO (1)<\/span><\/td>\n<\/tr>\n<\/tbody>\n<\/table>\n<p><b>Profesorado para la ense\u00f1anza secundaria en Ciencias Pol\u00edticas<\/b><\/p>\n<table>\n<tbody>\n<tr>\n<td><span style=\"font-weight: 400;\"> Sistemas Pol\u00edticos Comparados<\/span><\/td>\n<td><span style=\"font-weight: 400;\">Cuarto<\/span><\/td>\n<td><span style=\"font-weight: 400;\">Asig<\/span><\/td>\n<td><span style=\"font-weight: 400;\">D\u00edaz Ignacio<\/span><\/td>\n<td><span style=\"font-weight: 400;\">UNO (1<\/span><\/td>\n<\/tr>\n<tr>\n<td><span style=\"font-weight: 400;\">Relaciones Internacionales<\/span><\/td>\n<td><span style=\"font-weight: 400;\">Cuarto<\/span><\/td>\n<td><span style=\"font-weight: 400;\">Asig<\/span><\/td>\n<td><span style=\"font-weight: 400;\">D\u00edaz Ignacio<\/span><\/td>\n<td><span style=\"font-weight: 400;\">UNO (1)<\/span><\/td>\n<\/tr>\n<tr>\n<td><span style=\"font-weight: 400;\">Epistemolog\u00eda y T\u00e9cnicas de Investigaci\u00f3n en ciencia Pol\u00edtica<\/span><\/td>\n<td><span style=\"font-weight: 400;\">cuarto<\/span><\/td>\n<td><\/td>\n<td><span style=\"font-weight: 400;\">D\u00edaz Ignacio<\/span><\/td>\n<td><span style=\"font-weight: 400;\">UNO (1)<\/span><\/td>\n<\/tr>\n<tr>\n<td><span style=\"font-weight: 400;\">Pr\u00e1ctica Profesional docente IV<\/span><\/td>\n<td><span style=\"font-weight: 400;\">cuarto<\/span><\/td>\n<td><span style=\"font-weight: 400;\">Taller<\/span><\/td>\n<td><span style=\"font-weight: 400;\">D\u00edaz Ignacio<\/span><\/td>\n<td><span style=\"font-weight: 400;\">UNO (1)<\/span><\/td>\n<\/tr>\n<tr>\n<td><span style=\"font-weight: 400;\">Opini\u00f3n P\u00fablica y medios de Comunicaci\u00f3n<\/span><\/td>\n<td><span style=\"font-weight: 400;\">cuarto<\/span><\/td>\n<td><\/td>\n<td><span style=\"font-weight: 400;\">D\u00edaz Ignacio<\/span><\/td>\n<td><span style=\"font-weight: 400;\">UNO (1)<\/span><\/td>\n<\/tr>\n<tr>\n<td><span style=\"font-weight: 400;\">Pensamiento Pol\u00edtico Latinoamericano y Argentino.<\/span><\/td>\n<td><span style=\"font-weight: 400;\">cuarto<\/span><\/td>\n<td><span style=\"font-weight: 400;\">Asig<\/span><\/td>\n<td><span style=\"font-weight: 400;\">D\u00edaz Ignacio<\/span><\/td>\n<td><span style=\"font-weight: 400;\">UNO (1)<\/span><\/td>\n<\/tr>\n<tr>\n<td><span style=\"font-weight: 400;\">Did\u00e1ctica de la Ciencia Pol\u00edtica<\/span><\/td>\n<td><span style=\"font-weight: 400;\">Tercero<\/span><\/td>\n<td><span style=\"font-weight: 400;\">Asig<\/span><\/td>\n<td><span style=\"font-weight: 400;\">D\u00edaz Ignacio<\/span><\/td>\n<td><span style=\"font-weight: 400;\">UNO (1)<\/span><\/td>\n<\/tr>\n<tr>\n<td><span style=\"font-weight: 400;\">Teor\u00eda Pol\u00edtica II<\/span><\/td>\n<td><span style=\"font-weight: 400;\">Tercero<\/span><\/td>\n<td><span style=\"font-weight: 400;\">Asig<\/span><\/td>\n<td><span style=\"font-weight: 400;\">D\u00edaz Ignacio<\/span><\/td>\n<td><span style=\"font-weight: 400;\">UNO (1)<\/span><\/td>\n<\/tr>\n<tr>\n<td><span style=\"font-weight: 400;\">Pr\u00e1ctica \u00a0Docente III<\/span><\/td>\n<td><span style=\"font-weight: 400;\">Tercero<\/span><\/td>\n<td><span style=\"font-weight: 400;\">Taller<\/span><\/td>\n<td><span style=\"font-weight: 400;\">D\u00edaz Ignacio Gonz\u00e1lez Carlos<\/span><\/td>\n<td><span style=\"font-weight: 400;\">UNO (1)<\/span><\/td>\n<\/tr>\n<tr>\n<td><span style=\"font-weight: 400;\">Problem\u00e1tica de la Ciencia Pol\u00edtica II<\/span><\/td>\n<td><span style=\"font-weight: 400;\">Segundo<\/span><\/td>\n<td><span style=\"font-weight: 400;\">Asig.<\/span><\/td>\n<td><span style=\"font-weight: 400;\">D\u00edaz Ignacio<\/span><\/td>\n<td><span style=\"font-weight: 400;\">UNO (1)<\/span><\/td>\n<\/tr>\n<tr>\n<td><span style=\"font-weight: 400;\">Pr\u00e1ctica docente II<\/span><\/td>\n<td><span style=\"font-weight: 400;\">Segundo<\/span><\/td>\n<td><span style=\"font-weight: 400;\">Taller<\/span><\/td>\n<td><span style=\"font-weight: 400;\">D\u00edaz Ignacio yLeiva Carina<\/span><\/td>\n<td><span style=\"font-weight: 400;\">UNO (1)<\/span><\/td>\n<\/tr>\n<tr>\n<td><span style=\"font-weight: 400;\">Problem\u00e1tica de la Ciencia Pol\u00edtica I<\/span><\/td>\n<td><span style=\"font-weight: 400;\">Primero<\/span><\/td>\n<td><span style=\"font-weight: 400;\">Asig<\/span><\/td>\n<td><span style=\"font-weight: 400;\">Velazque Pens Marcelo<\/span><\/td>\n<td><span style=\"font-weight: 400;\">UNO (1)<\/span><\/td>\n<\/tr>\n<tr>\n<td><span style=\"font-weight: 400;\">Procesos Hist\u00f3ricos Modernos<\/span><\/td>\n<td><span style=\"font-weight: 400;\">Primero<\/span><\/td>\n<td><span style=\"font-weight: 400;\">Asig<\/span><\/td>\n<td><span style=\"font-weight: 400;\">Velazque Pens Marcelo<\/span><\/td>\n<td><span style=\"font-weight: 400;\">UNO (1)<\/span><\/td>\n<\/tr>\n<tr>\n<td><span style=\"font-weight: 400;\">Derecho Administrativo<\/span><\/td>\n<td><span style=\"font-weight: 400;\">Tercero<\/span><\/td>\n<td><span style=\"font-weight: 400;\">Asig<\/span><\/td>\n<td><span style=\"font-weight: 400;\">Velazque Pens Marcelo<\/span><\/td>\n<td><span style=\"font-weight: 400;\">UNO (1)<\/span><\/td>\n<\/tr>\n<tr>\n<td><span style=\"font-weight: 400;\">Did\u00e1ctica de las Ciencias Sociales<\/span><\/td>\n<td><span style=\"font-weight: 400;\">Segundo<\/span><\/td>\n<td><span style=\"font-weight: 400;\">Asig<\/span><\/td>\n<td><span style=\"font-weight: 400;\">Velazque Pens Marcelo<\/span><\/td>\n<td><span style=\"font-weight: 400;\">UNO (1)<\/span><\/td>\n<\/tr>\n<\/tbody>\n<\/table>\n<p><span style=\"font-weight: 400;\">Los interesados deber\u00e1n presentar Proyecto de Ayudant\u00eda, Curriculum y carpeta de antecedentes Desde el 12\/03 al 26\/03 (inclusive) en horario de funcionamiento del Profesorado.<\/span><\/p>\n<p><span style=\"font-weight: 400;\">Por consultas dirigirse a Secretar\u00eda Acad\u00e9mica.<\/span><\/p>\n<p>&nbsp;<\/p>\n","protected":false},"excerpt":{"rendered":"<p>El Consejo Directivo del Profesorado de Ciencias Sociales convoca a Egresados y Estudiantes avanzados, para desempe\u00f1arse como Ayudantes de C\u00e1tedra (Res. 1888\/07) del CGE, para los siguientes espacios y carreras: Profesorado para la ense\u00f1anza secundaria en Historia Espacio curricular Curso y\/o comisi\u00f3n Formato Docente Cantidad de ayudantes Procesos sociales, pol\u00edticos y culturales de la Antig\u00fcedad &#8230; <a title=\"Convocatoria a ayudant\u00edas de c\u00e1tedra\" class=\"read-more\" href=\"https:\/\/iscsconcordia-ers.infd.edu.ar\/sitio\/1123-2\/\" aria-label=\"More on Convocatoria a ayudant\u00edas de c\u00e1tedra\">[+]<\/a><\/p>\n","protected":false},"author":51,"featured_media":0,"comment_status":"open","ping_status":"open","sticky":false,"template":"","format":"standard","meta":[],"categories":[8,7,6,1],"tags":[],"acf":[],"_links":{"self":[{"href":"https:\/\/iscsconcordia-ers.infd.edu.ar\/sitio\/wp-json\/wp\/v2\/posts\/1123"}],"collection":[{"href":"https:\/\/iscsconcordia-ers.infd.edu.ar\/sitio\/wp-json\/wp\/v2\/posts"}],"about":[{"href":"https:\/\/iscsconcordia-ers.infd.edu.ar\/sitio\/wp-json\/wp\/v2\/types\/post"}],"author":[{"embeddable":true,"href":"https:\/\/iscsconcordia-ers.infd.edu.ar\/sitio\/wp-json\/wp\/v2\/users\/51"}],"replies":[{"embeddable":true,"href":"https:\/\/iscsconcordia-ers.infd.edu.ar\/sitio\/wp-json\/wp\/v2\/comments?post=1123"}],"version-history":[{"count":4,"href":"https:\/\/iscsconcordia-ers.infd.edu.ar\/sitio\/wp-json\/wp\/v2\/posts\/1123\/revisions"}],"predecessor-version":[{"id":1127,"href":"https:\/\/iscsconcordia-ers.infd.edu.ar\/sitio\/wp-json\/wp\/v2\/posts\/1123\/revisions\/1127"}],"wp:attachment":[{"href":"https:\/\/iscsconcordia-ers.infd.edu.ar\/sitio\/wp-json\/wp\/v2\/media?parent=1123"}],"wp:term":[{"taxonomy":"category","embeddable":true,"href":"https:\/\/iscsconcordia-ers.infd.edu.ar\/sitio\/wp-json\/wp\/v2\/categories?post=1123"},{"taxonomy":"post_tag","embeddable":true,"href":"https:\/\/iscsconcordia-ers.infd.edu.ar\/sitio\/wp-json\/wp\/v2\/tags?post=1123"}],"curies":[{"name":"wp","href":"https:\/\/api.w.org\/{rel}","templated":true}]}}