{"id":1116,"date":"2019-03-06T21:14:22","date_gmt":"2019-03-07T00:14:22","guid":{"rendered":"https:\/\/iscsconcordia-ers.infd.edu.ar\/sitio\/?p=1116"},"modified":"2019-03-06T21:14:22","modified_gmt":"2019-03-07T00:14:22","slug":"eleccion-para-la-coordinacion-de-la-practica-docente","status":"publish","type":"post","link":"https:\/\/iscsconcordia-ers.infd.edu.ar\/sitio\/eleccion-para-la-coordinacion-de-la-practica-docente\/","title":{"rendered":"Elecci\u00f3n para la coordinaci\u00f3n de la Pr\u00e1ctica docente"},"content":{"rendered":"<p>Desde la Secretar\u00eda Acad\u00e9mica y la Rectoria del Profesorado Superior de Ciencias Sociales se convoca, a todos los profesores que se desempe\u00f1an en el campo de la pr\u00e1ctica docente en la instituci\u00f3n, para el mi\u00e9rcoles 13 de marzo de 2019, a las 19.30 hs a fin realizar la reuni\u00f3n donde se proceder\u00e1 a la elecci\u00f3n de Coordinador del Campo de la Pr\u00e1ctica.<\/p>\n<p>La elecci\u00f3n estar\u00e1 coordinada por la Secretar\u00eda Acad\u00e9mica: Prof. Esp. PALAVICINI, Patricia L. y los miembros del Consejo Directivo.<\/p>\n","protected":false},"excerpt":{"rendered":"<p>Desde la Secretar\u00eda Acad\u00e9mica y la Rectoria del Profesorado Superior de Ciencias Sociales se convoca, a todos los profesores que se desempe\u00f1an en el campo de la pr\u00e1ctica docente en la instituci\u00f3n, para el mi\u00e9rcoles 13 de marzo de 2019, a las 19.30 hs a fin realizar la reuni\u00f3n donde se proceder\u00e1 a la elecci\u00f3n &#8230; <a title=\"Elecci\u00f3n para la coordinaci\u00f3n de la Pr\u00e1ctica docente\" class=\"read-more\" href=\"https:\/\/iscsconcordia-ers.infd.edu.ar\/sitio\/eleccion-para-la-coordinacion-de-la-practica-docente\/\" aria-label=\"More on Elecci\u00f3n para la coordinaci\u00f3n de la Pr\u00e1ctica docente\">[+]<\/a><\/p>\n","protected":false},"author":51,"featured_media":0,"comment_status":"open","ping_status":"open","sticky":false,"template":"","format":"standard","meta":[],"categories":[7,6],"tags":[],"acf":[],"_links":{"self":[{"href":"https:\/\/iscsconcordia-ers.infd.edu.ar\/sitio\/wp-json\/wp\/v2\/posts\/1116"}],"collection":[{"href":"https:\/\/iscsconcordia-ers.infd.edu.ar\/sitio\/wp-json\/wp\/v2\/posts"}],"about":[{"href":"https:\/\/iscsconcordia-ers.infd.edu.ar\/sitio\/wp-json\/wp\/v2\/types\/post"}],"author":[{"embeddable":true,"href":"https:\/\/iscsconcordia-ers.infd.edu.ar\/sitio\/wp-json\/wp\/v2\/users\/51"}],"replies":[{"embeddable":true,"href":"https:\/\/iscsconcordia-ers.infd.edu.ar\/sitio\/wp-json\/wp\/v2\/comments?post=1116"}],"version-history":[{"count":6,"href":"https:\/\/iscsconcordia-ers.infd.edu.ar\/sitio\/wp-json\/wp\/v2\/posts\/1116\/revisions"}],"predecessor-version":[{"id":1122,"href":"https:\/\/iscsconcordia-ers.infd.edu.ar\/sitio\/wp-json\/wp\/v2\/posts\/1116\/revisions\/1122"}],"wp:attachment":[{"href":"https:\/\/iscsconcordia-ers.infd.edu.ar\/sitio\/wp-json\/wp\/v2\/media?parent=1116"}],"wp:term":[{"taxonomy":"category","embeddable":true,"href":"https:\/\/iscsconcordia-ers.infd.edu.ar\/sitio\/wp-json\/wp\/v2\/categories?post=1116"},{"taxonomy":"post_tag","embeddable":true,"href":"https:\/\/iscsconcordia-ers.infd.edu.ar\/sitio\/wp-json\/wp\/v2\/tags?post=1116"}],"curies":[{"name":"wp","href":"https:\/\/api.w.org\/{rel}","templated":true}]}}